{"id":10507,"date":"2024-07-24T14:04:49","date_gmt":"2024-07-24T17:04:49","guid":{"rendered":"https:\/\/diabahia.com.br\/?p=10507"},"modified":"2024-07-24T14:04:50","modified_gmt":"2024-07-24T17:04:50","slug":"homem-morre-em-confronto-com-a-pm-em-mar-grande","status":"publish","type":"post","link":"https:\/\/diabahia.com.br\/index.php\/2024\/07\/24\/homem-morre-em-confronto-com-a-pm-em-mar-grande\/","title":{"rendered":"Homem morre em confronto com a PM em Mar Grande"},"content":{"rendered":"\n<p>Na tarde da \u00faltima ter\u00e7a-feira (23), um indiv\u00edduo suspeito de envolvimento em atividades criminosas foi morto durante um confronto com policiais militares no Alto da Faustina, em Mar Grande, munic\u00edpio de Vera Cruz. O incidente ocorreu durante opera\u00e7\u00f5es de patrulhamento realizadas pelo 23\u00ba Batalh\u00e3o da PM na \u00e1rea.<\/p>\n\n\n\n<p>Segundo relatos da Pol\u00edcia Militar, os policiais se depararam com um grupo de homens armados durante a opera\u00e7\u00e3o. Ao perceberem a presen\u00e7a da pol\u00edcia, os suspeitos abriram fogo contra os agentes, que responderam aos disparos.<\/p>\n\n\n\n<p>Ap\u00f3s o confronto, um dos suspeitos foi encontrado ferido e foi imediatamente socorrido para uma unidade de sa\u00fade local, por\u00e9m n\u00e3o resistiu aos ferimentos. Com ele, as autoridades apreenderam uma pistola calibre 380, al\u00e9m de 327 pedras de crack, 257 por\u00e7\u00f5es de coca\u00edna, 58 por\u00e7\u00f5es de maconha e uma quantia em dinheiro.<\/p>\n\n\n\n<p>Todo o material apreendido foi encaminhado para a delegacia da regi\u00e3o, conforme informado pela Pol\u00edcia Militar.<\/p>\n\n\n\n<p>Fonte: Varela Net <\/p>\n","protected":false},"excerpt":{"rendered":"<p>Na tarde da \u00faltima ter\u00e7a-feira (23), um indiv\u00edduo suspeito de envolvimento em atividades criminosas foi morto durante um confronto com policiais militares no Alto da Faustina, em Mar Grande, munic\u00edpio de Vera Cruz. O incidente ocorreu durante opera\u00e7\u00f5es de patrulhamento realizadas pelo 23\u00ba Batalh\u00e3o da PM na \u00e1rea. Segundo relatos da Pol\u00edcia Militar, os policiais [&hellip;]<\/p>\n","protected":false},"author":2,"featured_media":10508,"comment_status":"open","ping_status":"open","sticky":false,"template":"","format":"standard","meta":{"footnotes":""},"categories":[105],"tags":[],"class_list":["post-10507","post","type-post","status-publish","format-standard","has-post-thumbnail","hentry","category-policia"],"_links":{"self":[{"href":"https:\/\/diabahia.com.br\/index.php\/wp-json\/wp\/v2\/posts\/10507","targetHints":{"allow":["GET"]}}],"collection":[{"href":"https:\/\/diabahia.com.br\/index.php\/wp-json\/wp\/v2\/posts"}],"about":[{"href":"https:\/\/diabahia.com.br\/index.php\/wp-json\/wp\/v2\/types\/post"}],"author":[{"embeddable":true,"href":"https:\/\/diabahia.com.br\/index.php\/wp-json\/wp\/v2\/users\/2"}],"replies":[{"embeddable":true,"href":"https:\/\/diabahia.com.br\/index.php\/wp-json\/wp\/v2\/comments?post=10507"}],"version-history":[{"count":0,"href":"https:\/\/diabahia.com.br\/index.php\/wp-json\/wp\/v2\/posts\/10507\/revisions"}],"wp:featuredmedia":[{"embeddable":true,"href":"https:\/\/diabahia.com.br\/index.php\/wp-json\/wp\/v2\/media\/10508"}],"wp:attachment":[{"href":"https:\/\/diabahia.com.br\/index.php\/wp-json\/wp\/v2\/media?parent=10507"}],"wp:term":[{"taxonomy":"category","embeddable":true,"href":"https:\/\/diabahia.com.br\/index.php\/wp-json\/wp\/v2\/categories?post=10507"},{"taxonomy":"post_tag","embeddable":true,"href":"https:\/\/diabahia.com.br\/index.php\/wp-json\/wp\/v2\/tags?post=10507"}],"curies":[{"name":"wp","href":"https:\/\/api.w.org\/{rel}","templated":true}]}}