{"id":10478,"date":"2024-07-23T12:37:06","date_gmt":"2024-07-23T15:37:06","guid":{"rendered":"https:\/\/diabahia.com.br\/?p=10478"},"modified":"2024-07-23T12:37:08","modified_gmt":"2024-07-23T15:37:08","slug":"prefeitura-da-primeiro-passo-para-revitalizacao-da-gamboa-de-baixo","status":"publish","type":"post","link":"https:\/\/diabahia.com.br\/index.php\/2024\/07\/23\/prefeitura-da-primeiro-passo-para-revitalizacao-da-gamboa-de-baixo\/","title":{"rendered":"Prefeitura d\u00e1 primeiro passo para revitaliza\u00e7\u00e3o da Gamboa de Baixo"},"content":{"rendered":"\n<p>A prefeitura de Salvador, atrav\u00e9s da Superintend\u00eancia de Obras P\u00fablicas (Sucop) e da Funda\u00e7\u00e3o M\u00e1rio Leal Ferreira (FMLF), publicou um edital de licita\u00e7\u00e3o para contrata\u00e7\u00e3o da empresa que ser\u00e1 respons\u00e1vel pela requalifica\u00e7\u00e3o da orla da&nbsp;Gamboa&nbsp;de Baixo, localizada entre os bairros de Dois de Julho e Com\u00e9rcio.<\/p>\n\n\n\n<p>O documento de an\u00fancio indicou que a licita\u00e7\u00e3o para o recrutamento ser\u00e1 aberta no dia 29 de agosto deste ano, \u00e0s 10h, e ter\u00e1 um investimento estimado em R$ 18 milh\u00f5es.<\/p>\n\n\n\n<p>O local, abra\u00e7ado pela Ba\u00eda de Todos os Santos, passar\u00e1 por uma revitaliza\u00e7\u00e3o e ser\u00e1 totalmente reestruturado. A informa\u00e7\u00e3o foi confirmada ao, pela presidente da FMLF, T\u00e2nia Scofield.<\/p>\n\n\n\n<p>Conforme detalhou T\u00e2nia, entre as mudan\u00e7as listadas, que come\u00e7ar\u00e3o em cerca de dois meses, est\u00e1 a reconstru\u00e7\u00e3o de uma conten\u00e7\u00e3o que servir\u00e1 tamb\u00e9m como espa\u00e7o de lazer com pra\u00e7as, parque infantis, com estutura de apoio a restaurantes e pescadores e novas ilumina\u00e7\u00f5es. A previs\u00e3o \u00e9 que toda a estrutura fique pronta em um ano.<\/p>\n\n\n\n<p>\u201cCriaremos as conten\u00e7\u00f5es, que resultar\u00e1 em mais espa\u00e7o de lazer para a orla da Gamboa, fomentando as atividades comerciais da regi\u00e3o\u201d, refor\u00e7ou.<\/p>\n\n\n\n<p>Al\u00e9m disso, a gestora da funda\u00e7\u00e3o antecipou que o p\u00eder tamb\u00e9m passar\u00e1 por uma reformula\u00e7\u00e3o e ter\u00e1 melhorias na pavimenta\u00e7\u00e3o compiso intertravado, concreto e granito.<\/p>\n\n\n\n<p>Por conta do dif\u00edcil acesso, toda a requalifica\u00e7\u00e3o ser\u00e1 toda implementada pelo mar. \u201cUma balsa ser\u00e1 utilizada para levar os materiais e para realizar os descartes\u201d, explicou Scofield.<\/p>\n\n\n\n<p><strong>Gamboa<\/strong><\/p>\n\n\n\n<p>A Gamboa fez parte do primeiro espa\u00e7o habit\u00e1vel de Salvador pela proximidade do antigo porto na regi\u00e3o do Com\u00e9rcio. Em 1962, a constru\u00e7\u00e3o da Avenida Lafayete Coutinho, a Contorno, definiu os limites do bairro entre Gamboa de Baixo e Gamboa de Cima. Ambas ficam coladas no tamb\u00e9m tradicional bairro Dois de Julho.<\/p>\n\n\n\n<p>Os resqu\u00edcios do Forte S\u00e3o Paulo comp\u00f5em o cen\u00e1rio da Gamboa de Baixo. Ele surgiu como parte do plano de defesa da cidade e foi inaugurado em 1722. A fortaleza, hoje em ru\u00ednas, \u00e9 o local escolhido pela comunidade para a realiza\u00e7\u00e3o de alguns encontros e atividades da comunidade.<\/p>\n\n\n\n<p>Na Comunidade da Gamboa de Baixo encontram-se bares e restaurantes, al\u00e9m de p\u00eder bastante utilizado por visitantes e moradores que vivem inclusive da pesca.<\/p>\n\n\n\n<p>Fonte: A Tarde <\/p>\n","protected":false},"excerpt":{"rendered":"<p>A prefeitura de Salvador, atrav\u00e9s da Superintend\u00eancia de Obras P\u00fablicas (Sucop) e da Funda\u00e7\u00e3o M\u00e1rio Leal Ferreira (FMLF), publicou um edital de licita\u00e7\u00e3o para contrata\u00e7\u00e3o da empresa que ser\u00e1 respons\u00e1vel pela requalifica\u00e7\u00e3o da orla da&nbsp;Gamboa&nbsp;de Baixo, localizada entre os bairros de Dois de Julho e Com\u00e9rcio. O documento de an\u00fancio indicou que a licita\u00e7\u00e3o para [&hellip;]<\/p>\n","protected":false},"author":2,"featured_media":10479,"comment_status":"open","ping_status":"open","sticky":false,"template":"","format":"standard","meta":{"footnotes":""},"categories":[85],"tags":[],"class_list":["post-10478","post","type-post","status-publish","format-standard","has-post-thumbnail","hentry","category-noticias"],"_links":{"self":[{"href":"https:\/\/diabahia.com.br\/index.php\/wp-json\/wp\/v2\/posts\/10478","targetHints":{"allow":["GET"]}}],"collection":[{"href":"https:\/\/diabahia.com.br\/index.php\/wp-json\/wp\/v2\/posts"}],"about":[{"href":"https:\/\/diabahia.com.br\/index.php\/wp-json\/wp\/v2\/types\/post"}],"author":[{"embeddable":true,"href":"https:\/\/diabahia.com.br\/index.php\/wp-json\/wp\/v2\/users\/2"}],"replies":[{"embeddable":true,"href":"https:\/\/diabahia.com.br\/index.php\/wp-json\/wp\/v2\/comments?post=10478"}],"version-history":[{"count":0,"href":"https:\/\/diabahia.com.br\/index.php\/wp-json\/wp\/v2\/posts\/10478\/revisions"}],"wp:featuredmedia":[{"embeddable":true,"href":"https:\/\/diabahia.com.br\/index.php\/wp-json\/wp\/v2\/media\/10479"}],"wp:attachment":[{"href":"https:\/\/diabahia.com.br\/index.php\/wp-json\/wp\/v2\/media?parent=10478"}],"wp:term":[{"taxonomy":"category","embeddable":true,"href":"https:\/\/diabahia.com.br\/index.php\/wp-json\/wp\/v2\/categories?post=10478"},{"taxonomy":"post_tag","embeddable":true,"href":"https:\/\/diabahia.com.br\/index.php\/wp-json\/wp\/v2\/tags?post=10478"}],"curies":[{"name":"wp","href":"https:\/\/api.w.org\/{rel}","templated":true}]}}