{"id":10173,"date":"2024-07-12T15:08:02","date_gmt":"2024-07-12T18:08:02","guid":{"rendered":"https:\/\/diabahia.com.br\/?p=10173"},"modified":"2024-07-12T15:08:04","modified_gmt":"2024-07-12T18:08:04","slug":"werner-garante-forca-total-no-combate-ao-trafico-de-armas-na-bahia","status":"publish","type":"post","link":"https:\/\/diabahia.com.br\/index.php\/2024\/07\/12\/werner-garante-forca-total-no-combate-ao-trafico-de-armas-na-bahia\/","title":{"rendered":"Werner garante for\u00e7a total no combate ao tr\u00e1fico de armas na Bahia"},"content":{"rendered":"\n<p>O secret\u00e1rio da Seguran\u00e7a P\u00fablica da Bahia, Marcelo Werner, garantiu que as for\u00e7as policiais est\u00e3o fortalecendo a a\u00e7\u00e3o de combate ao tr\u00e1fico e importa\u00e7\u00e3o de armas no territ\u00f3rio baiano. Nestes primeiros seis meses de 2024, a pasta divulgou que 39 fuzis foram apreendidos e 55 lideran\u00e7as alcan\u00e7adas.<\/p>\n\n\n\n<p>De acordo com o titular do \u00f3rg\u00e3o, os criminosos possuem um &#8216;canal&#8217; estrangeiro de tr\u00e1fego para conseguir ter acesso aos armamentos pesados. Ele aponta que, em uma destas rotas, os equipamentos eram fabricados no leste europeu, em seguida encaminhados para o Paraguai e por fim comercializados para diversos cantos do Brasil, inclusive Salvador.<\/p>\n\n\n\n<p>&#8220;A gente vem trabalhando cada vez mais para fazer esse mapeamento, vem fortalecendo essas a\u00e7\u00f5es atrav\u00e9s da for\u00e7a integrada, para que a Pol\u00edcia Rodovi\u00e1ria Estadual, a Pol\u00edcia Rodovi\u00e1ria Federal continue e intensifiquem opera\u00e7\u00f5es ostensivas nas principais rodovias de Salvador e, l\u00f3gico tamb\u00e9m, que a gente vem realizando a\u00e7\u00f5es de investiga\u00e7\u00e3o para identificar eventuais armeiros que se dedicam ao com\u00e9rcio ou a ajuda as fac\u00e7\u00f5es do estado&#8221;, afirmou ele.<\/p>\n\n\n\n<p>De acordo com um trecho da Lei n\u00ba 10.826, implantada em 22 de dezembro de 2003 para controlar o acesso \u00e0s armas de fogo e reduzir a viol\u00eancia armada no pa\u00eds, a &#8220;comercializa\u00e7\u00e3o nacional de armas de fogo de porte e port\u00e1teis, de muni\u00e7\u00f5es e de acess\u00f3rios por estabelecimento empresarial depender\u00e1 de autoriza\u00e7\u00e3o pr\u00e9via do Comando do Ex\u00e9rcito, mediante a concess\u00e3o de Certificado de Registro, conforme previsto no Regulamento de Produtos Controlados&#8221;.<\/p>\n\n\n\n<p>Fonte: A Tarde<\/p>\n","protected":false},"excerpt":{"rendered":"<p>O secret\u00e1rio da Seguran\u00e7a P\u00fablica da Bahia, Marcelo Werner, garantiu que as for\u00e7as policiais est\u00e3o fortalecendo a a\u00e7\u00e3o de combate ao tr\u00e1fico e importa\u00e7\u00e3o de armas no territ\u00f3rio baiano. Nestes primeiros seis meses de 2024, a pasta divulgou que 39 fuzis foram apreendidos e 55 lideran\u00e7as alcan\u00e7adas. De acordo com o titular do \u00f3rg\u00e3o, os [&hellip;]<\/p>\n","protected":false},"author":2,"featured_media":10174,"comment_status":"open","ping_status":"open","sticky":false,"template":"","format":"standard","meta":{"footnotes":""},"categories":[85],"tags":[],"class_list":["post-10173","post","type-post","status-publish","format-standard","has-post-thumbnail","hentry","category-noticias"],"_links":{"self":[{"href":"https:\/\/diabahia.com.br\/index.php\/wp-json\/wp\/v2\/posts\/10173","targetHints":{"allow":["GET"]}}],"collection":[{"href":"https:\/\/diabahia.com.br\/index.php\/wp-json\/wp\/v2\/posts"}],"about":[{"href":"https:\/\/diabahia.com.br\/index.php\/wp-json\/wp\/v2\/types\/post"}],"author":[{"embeddable":true,"href":"https:\/\/diabahia.com.br\/index.php\/wp-json\/wp\/v2\/users\/2"}],"replies":[{"embeddable":true,"href":"https:\/\/diabahia.com.br\/index.php\/wp-json\/wp\/v2\/comments?post=10173"}],"version-history":[{"count":0,"href":"https:\/\/diabahia.com.br\/index.php\/wp-json\/wp\/v2\/posts\/10173\/revisions"}],"wp:featuredmedia":[{"embeddable":true,"href":"https:\/\/diabahia.com.br\/index.php\/wp-json\/wp\/v2\/media\/10174"}],"wp:attachment":[{"href":"https:\/\/diabahia.com.br\/index.php\/wp-json\/wp\/v2\/media?parent=10173"}],"wp:term":[{"taxonomy":"category","embeddable":true,"href":"https:\/\/diabahia.com.br\/index.php\/wp-json\/wp\/v2\/categories?post=10173"},{"taxonomy":"post_tag","embeddable":true,"href":"https:\/\/diabahia.com.br\/index.php\/wp-json\/wp\/v2\/tags?post=10173"}],"curies":[{"name":"wp","href":"https:\/\/api.w.org\/{rel}","templated":true}]}}