{"id":10129,"date":"2024-07-11T13:18:50","date_gmt":"2024-07-11T16:18:50","guid":{"rendered":"https:\/\/diabahia.com.br\/?p=10129"},"modified":"2024-07-11T13:18:51","modified_gmt":"2024-07-11T16:18:51","slug":"servidores-publicos-terao-descontos-na-compra-de-carros-da-byd","status":"publish","type":"post","link":"https:\/\/diabahia.com.br\/index.php\/2024\/07\/11\/servidores-publicos-terao-descontos-na-compra-de-carros-da-byd\/","title":{"rendered":"Servidores p\u00fablicos ter\u00e3o descontos na compra de carros da BYD"},"content":{"rendered":"\n<p>O&nbsp;governador da Bahia, Jer\u00f4nimo Rodrigues (PT), vai fechar uma nova parceria, nesta quinta-feira,11, com a chinesa&nbsp;BYD, para facilitar que os funcion\u00e1rios p\u00fablicos do estado tenham melhores condi\u00e7\u00f5es para comprar carros el\u00e9tricos e h\u00edbridos. <\/p>\n\n\n\n<p>O evento de oficializa\u00e7\u00e3o ser\u00e1 realizado no&nbsp;Centro de Opera\u00e7\u00f5es e Intelig\u00eancia da Seguran\u00e7a P\u00fablica&nbsp;(COI), na 4\u00aa Avenida do Centro Administrativo da Bahia, e contar\u00e1 com a presen\u00e7a dos representantes da BYD, do Banco do Brasil e das secretarias de Administra\u00e7\u00e3o e da Fazenda, em Salvador. <\/p>\n\n\n\n<p>O investimento \u00e9 de quase R$ 5,5 bilh\u00f5es para que tr\u00eas f\u00e1bricas da BYD sejam instaladas no Complexo Industrial Automobil\u00edstico de Cama\u00e7ari. A estimativa \u00e9 que a produ\u00e7\u00e3o comece no \u00faltimo trimestre deste ano. <\/p>\n\n\n\n<p>Fonte: A Tarde <\/p>\n","protected":false},"excerpt":{"rendered":"<p>O&nbsp;governador da Bahia, Jer\u00f4nimo Rodrigues (PT), vai fechar uma nova parceria, nesta quinta-feira,11, com a chinesa&nbsp;BYD, para facilitar que os funcion\u00e1rios p\u00fablicos do estado tenham melhores condi\u00e7\u00f5es para comprar carros el\u00e9tricos e h\u00edbridos. O evento de oficializa\u00e7\u00e3o ser\u00e1 realizado no&nbsp;Centro de Opera\u00e7\u00f5es e Intelig\u00eancia da Seguran\u00e7a P\u00fablica&nbsp;(COI), na 4\u00aa Avenida do Centro Administrativo da Bahia, [&hellip;]<\/p>\n","protected":false},"author":2,"featured_media":10130,"comment_status":"open","ping_status":"open","sticky":false,"template":"","format":"standard","meta":{"footnotes":""},"categories":[85],"tags":[],"class_list":["post-10129","post","type-post","status-publish","format-standard","has-post-thumbnail","hentry","category-noticias"],"_links":{"self":[{"href":"https:\/\/diabahia.com.br\/index.php\/wp-json\/wp\/v2\/posts\/10129","targetHints":{"allow":["GET"]}}],"collection":[{"href":"https:\/\/diabahia.com.br\/index.php\/wp-json\/wp\/v2\/posts"}],"about":[{"href":"https:\/\/diabahia.com.br\/index.php\/wp-json\/wp\/v2\/types\/post"}],"author":[{"embeddable":true,"href":"https:\/\/diabahia.com.br\/index.php\/wp-json\/wp\/v2\/users\/2"}],"replies":[{"embeddable":true,"href":"https:\/\/diabahia.com.br\/index.php\/wp-json\/wp\/v2\/comments?post=10129"}],"version-history":[{"count":0,"href":"https:\/\/diabahia.com.br\/index.php\/wp-json\/wp\/v2\/posts\/10129\/revisions"}],"wp:featuredmedia":[{"embeddable":true,"href":"https:\/\/diabahia.com.br\/index.php\/wp-json\/wp\/v2\/media\/10130"}],"wp:attachment":[{"href":"https:\/\/diabahia.com.br\/index.php\/wp-json\/wp\/v2\/media?parent=10129"}],"wp:term":[{"taxonomy":"category","embeddable":true,"href":"https:\/\/diabahia.com.br\/index.php\/wp-json\/wp\/v2\/categories?post=10129"},{"taxonomy":"post_tag","embeddable":true,"href":"https:\/\/diabahia.com.br\/index.php\/wp-json\/wp\/v2\/tags?post=10129"}],"curies":[{"name":"wp","href":"https:\/\/api.w.org\/{rel}","templated":true}]}}