{"id":10006,"date":"2024-07-08T10:36:09","date_gmt":"2024-07-08T13:36:09","guid":{"rendered":"https:\/\/diabahia.com.br\/?p=10006"},"modified":"2024-07-08T10:36:11","modified_gmt":"2024-07-08T13:36:11","slug":"campanha-de-imunizacao-para-caes-e-gatos-comeca-nesta-segunda-feira-08","status":"publish","type":"post","link":"https:\/\/diabahia.com.br\/index.php\/2024\/07\/08\/campanha-de-imunizacao-para-caes-e-gatos-comeca-nesta-segunda-feira-08\/","title":{"rendered":"Campanha de imuniza\u00e7\u00e3o para c\u00e3es e gatos come\u00e7a nesta segunda-feira (08)"},"content":{"rendered":"\n<p>Acontece nesta segunda-feira (08), em mais de 100 unidades de sa\u00fade de Salvador, a Campanha de Vacina\u00e7\u00e3o Antirr\u00e1bica para c\u00e3es e gatos. De acordo com a Secretaria Municipal da Sa\u00fade (SMS), a meta \u00e9 vacinar 261 mil animais at\u00e9 o dia 6 de setembro.<\/p>\n\n\n\n<p>O inicio da vacina\u00e7\u00e3o acontece na Associa\u00e7\u00e3o Cultural do bloco afro Mal\u00ea Debal\u00ea, no Alto do Abaet\u00e9, em Itapu\u00e3, \u00e0s 9h. Al\u00e9m da disponibilidade do imunizante nos postos de de segunda a sexta-feira, das 8h \u00e0s 16h, as duplas volantes de agentes de sa\u00fade v\u00e3o circular nos bairros. Postos itinerantes e vacina\u00e7\u00e3o aos finais de semanas em shoppings e bairros estrat\u00e9gicos tamb\u00e9m fazem parte das estrat\u00e9gias da campanha.<\/p>\n\n\n\n<p><em>&#8220;A forma mais efetiva para que continuemos a n\u00e3o ter raiva humana em Salvador \u00e9 imunizando os animais da cidade. Essa zoonose possui quase 100% de letalidade. \u00c9 importante que todos os tutores compare\u00e7am aos postos e imunizem seus c\u00e3es e gatos&#8221;<\/em>&nbsp;explica a chefe do Setor de Vigil\u00e2ncia e Controle da Raiva Animal e Veterin\u00e1ria do Centro de Controle Zoonoses (CCZ), Danielle Dantas. Para ter acesso \u00e0 dose, basta o animal ter idade igual ou superior a tr\u00eas meses de idade e estar saud\u00e1vel.<\/p>\n\n\n\n<p>Fonte: Varela Net <\/p>\n","protected":false},"excerpt":{"rendered":"<p>Acontece nesta segunda-feira (08), em mais de 100 unidades de sa\u00fade de Salvador, a Campanha de Vacina\u00e7\u00e3o Antirr\u00e1bica para c\u00e3es e gatos. De acordo com a Secretaria Municipal da Sa\u00fade (SMS), a meta \u00e9 vacinar 261 mil animais at\u00e9 o dia 6 de setembro. O inicio da vacina\u00e7\u00e3o acontece na Associa\u00e7\u00e3o Cultural do bloco afro [&hellip;]<\/p>\n","protected":false},"author":2,"featured_media":10007,"comment_status":"open","ping_status":"open","sticky":false,"template":"","format":"standard","meta":{"footnotes":""},"categories":[85],"tags":[],"class_list":["post-10006","post","type-post","status-publish","format-standard","has-post-thumbnail","hentry","category-noticias"],"_links":{"self":[{"href":"https:\/\/diabahia.com.br\/index.php\/wp-json\/wp\/v2\/posts\/10006","targetHints":{"allow":["GET"]}}],"collection":[{"href":"https:\/\/diabahia.com.br\/index.php\/wp-json\/wp\/v2\/posts"}],"about":[{"href":"https:\/\/diabahia.com.br\/index.php\/wp-json\/wp\/v2\/types\/post"}],"author":[{"embeddable":true,"href":"https:\/\/diabahia.com.br\/index.php\/wp-json\/wp\/v2\/users\/2"}],"replies":[{"embeddable":true,"href":"https:\/\/diabahia.com.br\/index.php\/wp-json\/wp\/v2\/comments?post=10006"}],"version-history":[{"count":0,"href":"https:\/\/diabahia.com.br\/index.php\/wp-json\/wp\/v2\/posts\/10006\/revisions"}],"wp:featuredmedia":[{"embeddable":true,"href":"https:\/\/diabahia.com.br\/index.php\/wp-json\/wp\/v2\/media\/10007"}],"wp:attachment":[{"href":"https:\/\/diabahia.com.br\/index.php\/wp-json\/wp\/v2\/media?parent=10006"}],"wp:term":[{"taxonomy":"category","embeddable":true,"href":"https:\/\/diabahia.com.br\/index.php\/wp-json\/wp\/v2\/categories?post=10006"},{"taxonomy":"post_tag","embeddable":true,"href":"https:\/\/diabahia.com.br\/index.php\/wp-json\/wp\/v2\/tags?post=10006"}],"curies":[{"name":"wp","href":"https:\/\/api.w.org\/{rel}","templated":true}]}}